{"id":782,"date":"2020-09-17T17:16:33","date_gmt":"2020-09-17T16:16:33","guid":{"rendered":"http:\/\/tc-hochdorf.ch\/?p=782"},"modified":"2021-04-19T14:43:37","modified_gmt":"2021-04-19T13:43:37","slug":"matchbericht-1-mannschaft","status":"publish","type":"post","link":"https:\/\/tc-hochdorf.ch\/?p=782","title":{"rendered":"Matchbericht 1. Mannschaft"},"content":{"rendered":"\n<p>Nachdem der erste Spieltag noch wetterbedingt abgesagt werden musste, freute man sich bei der ersten Mannschaft des TC Hochdorfs umso mehr auf den l\u00e4ngst \u00fcberf\u00e4lligen Start in die Saison 2020. Viele der Spieler konnten in den Einzeln direkt \u00a0an die starken Leistungen des Vorjahrs ankn\u00fcpfen. K\u00f6pfli, Weiss, St\u00f6ckli und Bucher verbuchten allesamt \u00fcberzeugende Siege, w\u00e4hrend Meier in F\u00fchrung liegend verletzt aufgeben und sich wie der neu ernannte Captain Frey geschlagen geben musste. In den anschliessenden Doppelpartien reichte dem TC Hochdorf dann ein Sieg von K\u00f6pfli\/Weiss, um den ersten Sieg der Saison zu sichern. Schlussendlich gewann der TC Hochdorf aufgrund des Verletzungspechs zwar denkbar knapp, aber verdient, mit 5:4.<\/p>\n<p><img loading=\"lazy\" decoding=\"async\" class=\"alignleft size-thumbnail wp-image-783\" src=\"http:\/\/tc-hochdorf.ch\/wp-content\/uploads\/2020\/09\/TC-Hochdorf_Fabian-Stoeckli_05.09.2020-1-150x150.jpg\" alt=\"\" width=\"150\" height=\"150\" \/><img loading=\"lazy\" decoding=\"async\" class=\"alignleft size-thumbnail wp-image-784\" src=\"http:\/\/tc-hochdorf.ch\/wp-content\/uploads\/2020\/09\/TC-Hochdorf_Fabian-Stoeckli_05.09.2020-2-150x150.jpg\" alt=\"\" width=\"150\" height=\"150\" \/><img loading=\"lazy\" decoding=\"async\" class=\"alignleft size-thumbnail wp-image-785\" src=\"http:\/\/tc-hochdorf.ch\/wp-content\/uploads\/2020\/09\/TC-Hochdorf_Simon-Weiss_05.09.2020-1-150x150.jpg\" alt=\"\" width=\"150\" height=\"150\" \/><\/p>\n","protected":false},"excerpt":{"rendered":"<p>Nachdem der erste Spieltag noch wetterbedingt abgesagt werden musste, freute man sich bei der ersten Mannschaft des TC Hochdorfs umso mehr auf den l\u00e4ngst \u00fcberf\u00e4lligen Start in die Saison 2020. Viele der Spieler konnten in den Einzeln direkt \u00a0an die starken Leistungen des Vorjahrs ankn\u00fcpfen. K\u00f6pfli, Weiss, St\u00f6ckli und Bucher verbuchten allesamt \u00fcberzeugende Siege, w\u00e4hrend [&hellip;]<\/p>\n","protected":false},"author":8,"featured_media":0,"comment_status":"open","ping_status":"open","sticky":false,"template":"","format":"standard","meta":{"_coblocks_attr":"","_coblocks_dimensions":"","_coblocks_responsive_height":"","_coblocks_accordion_ie_support":"","footnotes":""},"categories":[12],"tags":[],"class_list":["post-782","post","type-post","status-publish","format-standard","hentry","category-wettkampf"],"_links":{"self":[{"href":"https:\/\/tc-hochdorf.ch\/index.php?rest_route=\/wp\/v2\/posts\/782","targetHints":{"allow":["GET"]}}],"collection":[{"href":"https:\/\/tc-hochdorf.ch\/index.php?rest_route=\/wp\/v2\/posts"}],"about":[{"href":"https:\/\/tc-hochdorf.ch\/index.php?rest_route=\/wp\/v2\/types\/post"}],"author":[{"embeddable":true,"href":"https:\/\/tc-hochdorf.ch\/index.php?rest_route=\/wp\/v2\/users\/8"}],"replies":[{"embeddable":true,"href":"https:\/\/tc-hochdorf.ch\/index.php?rest_route=%2Fwp%2Fv2%2Fcomments&post=782"}],"version-history":[{"count":1,"href":"https:\/\/tc-hochdorf.ch\/index.php?rest_route=\/wp\/v2\/posts\/782\/revisions"}],"predecessor-version":[{"id":786,"href":"https:\/\/tc-hochdorf.ch\/index.php?rest_route=\/wp\/v2\/posts\/782\/revisions\/786"}],"wp:attachment":[{"href":"https:\/\/tc-hochdorf.ch\/index.php?rest_route=%2Fwp%2Fv2%2Fmedia&parent=782"}],"wp:term":[{"taxonomy":"category","embeddable":true,"href":"https:\/\/tc-hochdorf.ch\/index.php?rest_route=%2Fwp%2Fv2%2Fcategories&post=782"},{"taxonomy":"post_tag","embeddable":true,"href":"https:\/\/tc-hochdorf.ch\/index.php?rest_route=%2Fwp%2Fv2%2Ftags&post=782"}],"curies":[{"name":"wp","href":"https:\/\/api.w.org\/{rel}","templated":true}]}}