{"id":1836,"date":"2023-06-12T21:02:07","date_gmt":"2023-06-12T20:02:07","guid":{"rendered":"http:\/\/tc-hochdorf.ch\/?p=1836"},"modified":"2023-06-12T21:02:09","modified_gmt":"2023-06-12T20:02:09","slug":"tc-hochdorf-bleibt-in-der-2-liga","status":"publish","type":"post","link":"https:\/\/tc-hochdorf.ch\/?p=1836","title":{"rendered":"TC Hochdorf bleibt in der 2. Liga"},"content":{"rendered":"\n<p style=\"font-weight: 400;\"><strong>Tennis, 2. Liga<\/strong> Mit grossem Optimismus reisten die Seetaler am Sonntagnachmittag nach Unter\u00e4geri. Einerseits wurde man klar Gruppensieger und andererseits konnte man das Team aus dem Kanton Zug im letzten Jahr mit 5:4 bezwingen. Doch bereits nach den ersten vier Einzelpartien lag der TC Hochdorf mit 0:4 im Hintertreffen und mit dem R\u00fccken zur Wand. Eine weitere Niederlage und die Begegnung ist entschieden. Pascal Ottiger konnte mit einer soliden Leistung zum 1:4 verk\u00fcrzen. Danach brachte Yanik Fuchs endg\u00fcltig die Hoffnung zur\u00fcck mit seinen drei abgewehrten Matchb\u00e4llen und dem Sieg in einem Dreisatz-Krimi. Nach den Einzelbegegnungen stand es somit 2:4 f\u00fcr Unter\u00e4geri.<\/p>\n<p style=\"font-weight: 400;\">Die Doppelbegegnungen mussten die Entscheidung bringen, wobei drei Siege Pflicht waren, um die Begegnung noch zu drehen. Doch dies gelang leider nicht. Nachdem die Zuger den f\u00fcnften Punkt holten, war die Entscheidung gefallen.<\/p>\n<p style=\"font-weight: 400;\">Auf den grossen Optimismus folgte die grosse Ern\u00fcchterung. Bitter entt\u00e4uscht \u00fcber die Leistung und mit einer inneren Leere nach dem vorzeitigen Saisonende ging es auf den Heimweg. Jetzt gilt es den Schock zu verdauen und die richtigen Lehren aus der Niederlage zu ziehen.<\/p>\n<p style=\"font-weight: 400;\">\u00a0<\/p>\n<p style=\"font-weight: 400;\"><strong>Unter\u00e4geri \u2013 Hochdorf 5:2<\/strong><br \/><strong>Einzel:<\/strong> Beat von Reding (R6) v. Pascal Ottiger (R5) 1:6, 4:6. Rasmus Henzler (R6) v. Flavio Rast (R5) 6:1, 6:2. Pablo Hernandez (R6) v. Yanik Fuchs (R6) 6:4, 6:7, 4:6. Lorenzo Hernandez (R7) v. Reto K\u00f6pfli (R6) 6:3, 6:3. Roman Iten (R7) v. Benjamin Meier (R7) 6:3, 7:5. Basile Soenen (R8) v. Silvan R\u00e4ber (R8) 6:2, 6:4.<br \/><strong>Doppel:<\/strong> Von Reding\/Rasmus v. Ottiger\/K\u00f6pfli 2:6, 6:4, 10:5.<\/p>\n","protected":false},"excerpt":{"rendered":"<p>Tennis, 2. Liga Mit grossem Optimismus reisten die Seetaler am Sonntagnachmittag nach Unter\u00e4geri. Einerseits wurde man klar Gruppensieger und andererseits konnte man das Team aus dem Kanton Zug im letzten Jahr mit 5:4 bezwingen. Doch bereits nach den ersten vier Einzelpartien lag der TC Hochdorf mit 0:4 im Hintertreffen und mit dem R\u00fccken zur Wand. [&hellip;]<\/p>\n","protected":false},"author":8,"featured_media":0,"comment_status":"closed","ping_status":"open","sticky":false,"template":"","format":"standard","meta":{"_coblocks_attr":"","_coblocks_dimensions":"","_coblocks_responsive_height":"","_coblocks_accordion_ie_support":"","footnotes":""},"categories":[6,12],"tags":[],"class_list":["post-1836","post","type-post","status-publish","format-standard","hentry","category-aktuell","category-wettkampf"],"_links":{"self":[{"href":"https:\/\/tc-hochdorf.ch\/index.php?rest_route=\/wp\/v2\/posts\/1836","targetHints":{"allow":["GET"]}}],"collection":[{"href":"https:\/\/tc-hochdorf.ch\/index.php?rest_route=\/wp\/v2\/posts"}],"about":[{"href":"https:\/\/tc-hochdorf.ch\/index.php?rest_route=\/wp\/v2\/types\/post"}],"author":[{"embeddable":true,"href":"https:\/\/tc-hochdorf.ch\/index.php?rest_route=\/wp\/v2\/users\/8"}],"replies":[{"embeddable":true,"href":"https:\/\/tc-hochdorf.ch\/index.php?rest_route=%2Fwp%2Fv2%2Fcomments&post=1836"}],"version-history":[{"count":1,"href":"https:\/\/tc-hochdorf.ch\/index.php?rest_route=\/wp\/v2\/posts\/1836\/revisions"}],"predecessor-version":[{"id":1837,"href":"https:\/\/tc-hochdorf.ch\/index.php?rest_route=\/wp\/v2\/posts\/1836\/revisions\/1837"}],"wp:attachment":[{"href":"https:\/\/tc-hochdorf.ch\/index.php?rest_route=%2Fwp%2Fv2%2Fmedia&parent=1836"}],"wp:term":[{"taxonomy":"category","embeddable":true,"href":"https:\/\/tc-hochdorf.ch\/index.php?rest_route=%2Fwp%2Fv2%2Fcategories&post=1836"},{"taxonomy":"post_tag","embeddable":true,"href":"https:\/\/tc-hochdorf.ch\/index.php?rest_route=%2Fwp%2Fv2%2Ftags&post=1836"}],"curies":[{"name":"wp","href":"https:\/\/api.w.org\/{rel}","templated":true}]}}